{"id":63,"date":"2025-01-09T15:13:03","date_gmt":"2025-01-09T15:13:03","guid":{"rendered":"https:\/\/noticias.contably.mx\/home\/?p=63"},"modified":"2025-01-09T15:13:04","modified_gmt":"2025-01-09T15:13:04","slug":"el-sat-otorga-prorroga-para-la-activacion-del-buzon-tributario","status":"publish","type":"post","link":"https:\/\/noticias.contably.mx\/home\/el-sat-otorga-prorroga-para-la-activacion-del-buzon-tributario\/","title":{"rendered":"El SAT otorga pr\u00f3rroga para la activaci\u00f3n del Buz\u00f3n Tributario"},"content":{"rendered":"\n<p><em>Ciudad de M\u00e9xico, 9 de enero de 2025<\/em> \u2013 El Servicio de Administraci\u00f3n Tributaria (SAT) anunci\u00f3 una pr\u00f3rroga para que los contribuyentes cumplan con la obligaci\u00f3n de activar su Buz\u00f3n Tributario, una herramienta clave en la interacci\u00f3n digital entre los contribuyentes y la autoridad fiscal.<\/p>\n\n\n\n<p>De acuerdo con un comunicado oficial, el plazo se extiende hasta el <strong>31 de marzo de 2025<\/strong>, en lugar de la fecha l\u00edmite inicial que estaba fijada para el 15 de enero de 2025. Esta decisi\u00f3n tiene como objetivo dar mayor oportunidad a las personas f\u00edsicas y morales para regularizar su situaci\u00f3n fiscal y garantizar el cumplimiento de sus obligaciones tributarias.<\/p>\n\n\n\n<p>El Buz\u00f3n Tributario es una plataforma dise\u00f1ada para facilitar la comunicaci\u00f3n oficial del SAT con los contribuyentes, permitiendo el env\u00edo de notificaciones electr\u00f3nicas, avisos importantes, y la recepci\u00f3n de solicitudes y tr\u00e1mites. Seg\u00fan la autoridad, la activaci\u00f3n de este mecanismo es crucial para fomentar la transparencia y la eficiencia en los procesos fiscales.<\/p>\n\n\n\n<p>En el anuncio, el SAT record\u00f3 que para activar el Buz\u00f3n Tributario es necesario registrar y validar al menos un medio de contacto, como un correo electr\u00f3nico o un n\u00famero de tel\u00e9fono m\u00f3vil. Asimismo, enfatiz\u00f3 que el incumplimiento de esta obligaci\u00f3n podr\u00eda acarrear sanciones administrativas y afectar la relaci\u00f3n fiscal de los contribuyentes.<\/p>\n\n\n\n<p>El SAT reiter\u00f3 su disposici\u00f3n de brindar apoyo t\u00e9cnico a quienes encuentren dificultades en el proceso de activaci\u00f3n, mediante sus oficinas locales, el portal web oficial y la l\u00ednea de atenci\u00f3n telef\u00f3nica.<\/p>\n\n\n\n<p>Con esta pr\u00f3rroga, el SAT busca fortalecer la colaboraci\u00f3n con los contribuyentes, asegurando que todos tengan la oportunidad de cumplir con esta disposici\u00f3n clave para la administraci\u00f3n fiscal del pa\u00eds.<\/p>\n","protected":false},"excerpt":{"rendered":"<p>Ciudad de M\u00e9xico, 9 de enero de 2025 \u2013 El Servicio de Administraci\u00f3n Tributaria (SAT) anunci\u00f3 una pr\u00f3rroga para que los contribuyentes cumplan con la obligaci\u00f3n de activar su Buz\u00f3n Tributario, una herramienta clave en la interacci\u00f3n digital entre los contribuyentes y la autoridad fiscal. De acuerdo con un comunicado oficial, el plazo se extiende [&hellip;]<\/p>\n","protected":false},"author":1,"featured_media":64,"comment_status":"open","ping_status":"open","sticky":false,"template":"","format":"standard","meta":{"footnotes":""},"categories":[1],"tags":[],"class_list":["post-63","post","type-post","status-publish","format-standard","has-post-thumbnail","hentry","category-blog"],"_links":{"self":[{"href":"https:\/\/noticias.contably.mx\/home\/wp-json\/wp\/v2\/posts\/63","targetHints":{"allow":["GET"]}}],"collection":[{"href":"https:\/\/noticias.contably.mx\/home\/wp-json\/wp\/v2\/posts"}],"about":[{"href":"https:\/\/noticias.contably.mx\/home\/wp-json\/wp\/v2\/types\/post"}],"author":[{"embeddable":true,"href":"https:\/\/noticias.contably.mx\/home\/wp-json\/wp\/v2\/users\/1"}],"replies":[{"embeddable":true,"href":"https:\/\/noticias.contably.mx\/home\/wp-json\/wp\/v2\/comments?post=63"}],"version-history":[{"count":1,"href":"https:\/\/noticias.contably.mx\/home\/wp-json\/wp\/v2\/posts\/63\/revisions"}],"predecessor-version":[{"id":68,"href":"https:\/\/noticias.contably.mx\/home\/wp-json\/wp\/v2\/posts\/63\/revisions\/68"}],"wp:featuredmedia":[{"embeddable":true,"href":"https:\/\/noticias.contably.mx\/home\/wp-json\/wp\/v2\/media\/64"}],"wp:attachment":[{"href":"https:\/\/noticias.contably.mx\/home\/wp-json\/wp\/v2\/media?parent=63"}],"wp:term":[{"taxonomy":"category","embeddable":true,"href":"https:\/\/noticias.contably.mx\/home\/wp-json\/wp\/v2\/categories?post=63"},{"taxonomy":"post_tag","embeddable":true,"href":"https:\/\/noticias.contably.mx\/home\/wp-json\/wp\/v2\/tags?post=63"}],"curies":[{"name":"wp","href":"https:\/\/api.w.org\/{rel}","templated":true}]}}